{"id":166,"date":"2022-07-02T01:31:00","date_gmt":"2022-07-01T23:31:00","guid":{"rendered":"http:\/\/laperlecafe.fr\/?p=166"},"modified":"2022-10-12T00:58:17","modified_gmt":"2022-10-11T22:58:17","slug":"lavenir-de-la-perle-cest-maintenant-tous-ensemble","status":"publish","type":"post","link":"https:\/\/laperlecafe.fr\/index.php\/2022\/07\/02\/lavenir-de-la-perle-cest-maintenant-tous-ensemble\/","title":{"rendered":"L\u2019avenir de La Perle,  c\u2019est maintenant, toutes et tous ensemble&nbsp;!"},"content":{"rendered":"\n<p><\/p>\n\n\n\n<p><strong>Ami\u00b7es de la&nbsp;Perle,<\/strong><\/p>\n\n\n\n<p>De longue date ou depuis peu, nous sommes ravi\u00b7es de vous annon\u00adcer que le pro\u00adjet de reprise de la Per\u00adle avance \u00e0 pas de g\u00e9ant aujourd\u2019hui.<\/p>\n\n\n\n<p>La struc\u00adture juridique a \u00e9t\u00e9 valid\u00e9e par le col\u00adlec\u00adtif, un fonc\u00adtion\u00adnement futur a \u00e9t\u00e9 tra\u00advail\u00adl\u00e9 pour le ren\u00addre robuste d\u00e8s l\u2019ou\u00adver\u00adture, un plan de tr\u00e9\u00adsorerie peaufin\u00e9 longuement.<\/p>\n\n\n\n<p>L\u2019ou\u00adver\u00adture est pr\u00e9vue pour <strong>mi-sep\u00adtem\u00adbre.<\/strong> Le temps est compt\u00e9&nbsp;!&nbsp;<\/p>\n\n\n\n<p>Mi-sep\u00adtem\u00adbre, c\u2019est un com\u00adpro\u00admis pour que Lolo soit \u00e0 la retraite assez rapi\u00adde\u00adment et que la fer\u00adme\u00adture du lieu soit la moins longue possible.<\/p>\n\n\n\n<p>C\u2019est l\u2019aboutisse\u00adment du tra\u00advail du col\u00adlec\u00adtif d\u2019habitu\u00e9\u00b7es depuis qua\u00adtre ans, devenu asso\u00adci\u00ada\u00adtion La Per\u00adle \u2013 CCCP en 2020. Tra\u00advail tr\u00e8s tr\u00e8s inten\u00adsif depuis le mois de jan\u00advi\u00ader&nbsp;2022.<\/p>\n\n\n\n<p>Il nous faut main\u00adtenant r\u00e9u\u00adnir de quoi <strong>pay\u00ader \u00e0 Lolo son fonds de com\u00admerce<\/strong>, pour qu\u2019il puisse enfin pren\u00addre vrai\u00adment sa retraite en sachant que son bistrot restera ce qu\u2019il en a fait : un vrai lieu de vie, d\u2019\u00e9change, de partage.<\/p>\n\n\n\n<p>La reprise col\u00adlec\u00adtive nous deman\u00addera du temps, de l\u2019\u00e9n\u00adergie, de l\u2019en\u00adt\u00adhou\u00adsi\u00adasme, et nous n\u2019en man\u00adquons pas. Si vous en avez aus\u00adsi, n\u2019h\u00e9sitez pas \u00e0 nous rejoin\u00addre ! Quand La Per\u00adle appar\u00adtien\u00addra vrai\u00adment \u00e0 l\u2019as\u00adso, c\u2019est-\u00e0-dire \u00e0 nous toutes et tous, toutes les bonnes volon\u00adt\u00e9s seront bien\u00adv\u00adenues pour faire toutes les folies qu\u2019on voudra dans notre rade pr\u00e9f\u00e9r\u00e9.<\/p>\n\n\n\n<p>Mais, dans l\u2019im\u00adm\u00e9\u00addi\u00adat, <strong>c\u2019est du fric qu\u2019il&nbsp;faut&nbsp;!<\/strong><\/p>\n\n\n\n<p>Il n\u2019y a pas de petite con\u00adtri\u00adbu\u00adtion. Chaque pi\u00e8ce est une pierre \u00e0 l\u2019\u00e9difice.<\/p>\n\n\n\n<p><\/p>\n\n\n\n<p>Le plan de tr\u00e9\u00adsorerie (con\u00adsultable dans <a href=\"http:\/\/laperlecafe.fr\/index.php\/le-projet\/\">cette page<\/a>) a \u00e9t\u00e9 r\u00e9al\u00adis\u00e9 par le col\u00adlec\u00adtif et final\u00adis\u00e9 avec deux experts compt\u00ada\u00adbles. Pour en savoir plus, n\u2019h\u00e9sitez pas \u00e0 <a href=\"http:\/\/laperlecafe.fr\/index.php\/contact\/\">nous con\u00adtac\u00adter<\/a>.<\/p>\n\n\n\n<h3 class=\"wp-block-heading\"><strong>Aider La Perle, par tous les moyens<\/strong><\/h3>\n\n\n\n<p>Notre dossier solide nous a per\u00admis d\u2019obtenir de <a href=\"https:\/\/www.franceactive.org\/\" target=\"_blank\" rel=\"noreferrer noopener\">France active<\/a> <strong>un pr\u00eat \u00e0 taux z\u00e9ro<\/strong> qui cou\u00advre un tiers de la somme n\u00e9ces\u00adsaire. Nous avons fait le choix de ne pas sol\u00adliciter de banque pour ce mon\u00adtage pour des raisons d\u2019ind\u00e9pendance.<\/p>\n\n\n\n<p>Main\u00adtenant, c\u2019est \u00e0 vous de jouer ! <strong>Une cam\u00adpagne de finance\u00adment par\u00adtic\u00adi\u00adpatif est en cours <a href=\"https:\/\/www.helloasso.com\/associations\/la-perle-cccp\/collectes\/la-perle-est-a-nous-bientot\" target=\"_blank\" rel=\"noreferrer noopener\">ici<\/a>. <\/strong>Toutes les con\u00adtri\u00adbu\u00adtions, m\u00eame mod\u00adestes, sont bien\u00adv\u00adenues : nous ne sommes pas rich\u00ades, mais nous sommes nombreux\u00b7ses !<\/p>\n\n\n\n<p>Nous pro\u00adposons aus\u00adsi  <strong>des apports con\u00adven\u00adtion\u00adn\u00e9s<\/strong> (ci-dessous). C\u2019est-\u00e0-dire que vous pou\u00advez vers\u00ader un apport, r\u00e9cup\u00e9rable \u00e0 terme. Le mon\u00adtant est plafonn\u00e9.&nbsp;<\/p>\n\n\n\n<div style=\"height:53px\" aria-hidden=\"true\" class=\"wp-block-spacer\"><\/div>\n\n\n\n<div data-wp-interactive=\"core\/file\" class=\"wp-block-file\"><object data-wp-bind--hidden=\"!state.hasPdfPreview\" hidden class=\"wp-block-file__embed\" data=\"http:\/\/laperlecafe.fr\/wp-content\/uploads\/2022\/07\/2207_Convention-apport.pdf\" type=\"application\/pdf\" style=\"width:100%;height:600px\" aria-label=\"Contenu embarqu\u00e9 Contenu embarqu\u00e9 2207_Convention apport..\"><\/object><a id=\"wp-block-file--media-6a24d69f-0cbe-4aab-8ed4-f5b9459cb408\" href=\"http:\/\/laperlecafe.fr\/wp-content\/uploads\/2022\/07\/2207_Convention-apport.pdf\">2207_Convention apport<\/a><a href=\"http:\/\/laperlecafe.fr\/wp-content\/uploads\/2022\/07\/2207_Convention-apport.pdf\" class=\"wp-block-file__button\" download aria-describedby=\"wp-block-file--media-6a24d69f-0cbe-4aab-8ed4-f5b9459cb408\">T\u00e9l\u00e9charg\u00ader<\/a><\/div>\n\n\n\n<p>&nbsp;<strong>N\u2019h\u00e9sitez pas \u00e0 trans\u00admet\u00adtre et \u00e0 en par\u00adler autour de&nbsp;vous.<\/strong><\/p>\n\n\n\n<p><strong>Tout<\/strong> ce qui est col\u00adlec\u00adt\u00e9 servi\u00adra \u00e0 racheter le fonds et faire vivre le bistrot.<\/p>\n\n\n\n<p>Longue vie \u00e0 la Per\u00adle, et \u00e0 bient\u00f4t!<\/p>\n\n\n\n<p class=\"has-text-align-right\"><strong>L\u2019as\u00adso\u00adci\u00ada\u00adtion La Per\u00adle \u2013&nbsp;CCCP<\/strong><\/p>\n\n\n\n<p><\/p>\n\n\n\n<p class=\"has-text-align-center has-large-font-size\">Et si vous souhaitez vous join\u00addre au collectif,&nbsp;<\/p>\n\n\n\n<p class=\"has-text-align-center has-large-font-size\"><a href=\"http:\/\/laperlecafe.fr\/index.php\/contact\/\">con\u00adtactez-nous !<\/a><\/p>\n","protected":false},"excerpt":{"rendered":"<p>Ami\u00b7es de la&nbsp;Per\u00adle, De longue date ou depuis peu, nous sommes ravi\u00b7es de vous annon\u00adcer que le pro\u00adjet de reprise de la Per\u00adle avance \u00e0 pas de g\u00e9ant aujourd\u2019hui. La&nbsp;[\u2026]<\/p>\n","protected":false},"author":1,"featured_media":170,"comment_status":"open","ping_status":"open","sticky":false,"template":"","format":"standard","meta":{"wp_typography_post_enhancements_disabled":false,"footnotes":""},"categories":[1],"tags":[],"class_list":["post-166","post","type-post","status-publish","format-standard","has-post-thumbnail","hentry","category-non-classe"],"yoast_head":"<!-- This site is optimized with the Yoast SEO plugin v26.5 - https:\/\/yoast.com\/wordpress\/plugins\/seo\/ -->\n<title>L&#039;avenir de La Perle, c&#039;est maintenant, toutes et tous ensemble ! - La Perle<\/title>\n<meta name=\"robots\" content=\"index, follow, max-snippet:-1, max-image-preview:large, max-video-preview:-1\" \/>\n<link rel=\"canonical\" href=\"https:\/\/laperlecafe.fr\/index.php\/2022\/07\/02\/lavenir-de-la-perle-cest-maintenant-tous-ensemble\/\" \/>\n<meta property=\"og:locale\" content=\"fr_FR\" \/>\n<meta property=\"og:type\" content=\"article\" \/>\n<meta property=\"og:title\" content=\"L&#039;avenir de La Perle, c&#039;est maintenant, toutes et tous ensemble ! - La Perle\" \/>\n<meta property=\"og:description\" content=\"Ami\u00b7es de la&nbsp;Perle, De longue date ou depuis peu, nous sommes ravi\u00b7es de vous annon\u00adcer que le pro\u00adjet de reprise de la Per\u00adle avance \u00e0 pas de g\u00e9ant aujourd\u2019hui. La [&hellip;]\" \/>\n<meta property=\"og:url\" content=\"https:\/\/laperlecafe.fr\/index.php\/2022\/07\/02\/lavenir-de-la-perle-cest-maintenant-tous-ensemble\/\" \/>\n<meta property=\"og:site_name\" content=\"La Perle\" \/>\n<meta property=\"article:published_time\" content=\"2022-07-01T23:31:00+00:00\" \/>\n<meta property=\"article:modified_time\" content=\"2022-10-11T22:58:17+00:00\" \/>\n<meta property=\"og:image\" content=\"https:\/\/laperlecafe.fr\/wp-content\/uploads\/2020\/05\/8251686391_d8bd1eec08_h.jpg\" \/>\n\t<meta property=\"og:image:width\" content=\"1536\" \/>\n\t<meta property=\"og:image:height\" content=\"1024\" \/>\n\t<meta property=\"og:image:type\" content=\"image\/jpeg\" \/>\n<meta name=\"author\" content=\"admin1151\" \/>\n<meta name=\"twitter:card\" content=\"summary_large_image\" \/>\n<meta name=\"twitter:label1\" content=\"\u00c9crit par\" \/>\n\t<meta name=\"twitter:data1\" content=\"admin1151\" \/>\n\t<meta name=\"twitter:label2\" content=\"Dur\u00e9e de lecture estim\u00e9e\" \/>\n\t<meta name=\"twitter:data2\" content=\"3 minutes\" \/>\n<script type=\"application\/ld+json\" class=\"yoast-schema-graph\">{\"@context\":\"https:\/\/schema.org\",\"@graph\":[{\"@type\":\"Article\",\"@id\":\"https:\/\/laperlecafe.fr\/index.php\/2022\/07\/02\/lavenir-de-la-perle-cest-maintenant-tous-ensemble\/#article\",\"isPartOf\":{\"@id\":\"https:\/\/laperlecafe.fr\/index.php\/2022\/07\/02\/lavenir-de-la-perle-cest-maintenant-tous-ensemble\/\"},\"author\":{\"name\":\"admin1151\",\"@id\":\"https:\/\/laperlecafe.fr\/#\/schema\/person\/198710d55bd317dd833d3c31bb26e8db\"},\"headline\":\"L\u2019avenir de La Perle, c\u2019est maintenant, toutes et tous ensemble&nbsp;!\",\"datePublished\":\"2022-07-01T23:31:00+00:00\",\"dateModified\":\"2022-10-11T22:58:17+00:00\",\"mainEntityOfPage\":{\"@id\":\"https:\/\/laperlecafe.fr\/index.php\/2022\/07\/02\/lavenir-de-la-perle-cest-maintenant-tous-ensemble\/\"},\"wordCount\":474,\"commentCount\":0,\"publisher\":{\"@id\":\"https:\/\/laperlecafe.fr\/#organization\"},\"image\":{\"@id\":\"https:\/\/laperlecafe.fr\/index.php\/2022\/07\/02\/lavenir-de-la-perle-cest-maintenant-tous-ensemble\/#primaryimage\"},\"thumbnailUrl\":\"https:\/\/laperlecafe.fr\/wp-content\/uploads\/2020\/05\/8251686391_d8bd1eec08_h.jpg\",\"inLanguage\":\"fr-FR\",\"potentialAction\":[{\"@type\":\"CommentAction\",\"name\":\"Comment\",\"target\":[\"https:\/\/laperlecafe.fr\/index.php\/2022\/07\/02\/lavenir-de-la-perle-cest-maintenant-tous-ensemble\/#respond\"]}]},{\"@type\":\"WebPage\",\"@id\":\"https:\/\/laperlecafe.fr\/index.php\/2022\/07\/02\/lavenir-de-la-perle-cest-maintenant-tous-ensemble\/\",\"url\":\"https:\/\/laperlecafe.fr\/index.php\/2022\/07\/02\/lavenir-de-la-perle-cest-maintenant-tous-ensemble\/\",\"name\":\"L'avenir de La Perle, c'est maintenant, toutes et tous ensemble ! - La Perle\",\"isPartOf\":{\"@id\":\"https:\/\/laperlecafe.fr\/#website\"},\"primaryImageOfPage\":{\"@id\":\"https:\/\/laperlecafe.fr\/index.php\/2022\/07\/02\/lavenir-de-la-perle-cest-maintenant-tous-ensemble\/#primaryimage\"},\"image\":{\"@id\":\"https:\/\/laperlecafe.fr\/index.php\/2022\/07\/02\/lavenir-de-la-perle-cest-maintenant-tous-ensemble\/#primaryimage\"},\"thumbnailUrl\":\"https:\/\/laperlecafe.fr\/wp-content\/uploads\/2020\/05\/8251686391_d8bd1eec08_h.jpg\",\"datePublished\":\"2022-07-01T23:31:00+00:00\",\"dateModified\":\"2022-10-11T22:58:17+00:00\",\"breadcrumb\":{\"@id\":\"https:\/\/laperlecafe.fr\/index.php\/2022\/07\/02\/lavenir-de-la-perle-cest-maintenant-tous-ensemble\/#breadcrumb\"},\"inLanguage\":\"fr-FR\",\"potentialAction\":[{\"@type\":\"ReadAction\",\"target\":[\"https:\/\/laperlecafe.fr\/index.php\/2022\/07\/02\/lavenir-de-la-perle-cest-maintenant-tous-ensemble\/\"]}]},{\"@type\":\"ImageObject\",\"inLanguage\":\"fr-FR\",\"@id\":\"https:\/\/laperlecafe.fr\/index.php\/2022\/07\/02\/lavenir-de-la-perle-cest-maintenant-tous-ensemble\/#primaryimage\",\"url\":\"https:\/\/laperlecafe.fr\/wp-content\/uploads\/2020\/05\/8251686391_d8bd1eec08_h.jpg\",\"contentUrl\":\"https:\/\/laperlecafe.fr\/wp-content\/uploads\/2020\/05\/8251686391_d8bd1eec08_h.jpg\",\"width\":1536,\"height\":1024},{\"@type\":\"BreadcrumbList\",\"@id\":\"https:\/\/laperlecafe.fr\/index.php\/2022\/07\/02\/lavenir-de-la-perle-cest-maintenant-tous-ensemble\/#breadcrumb\",\"itemListElement\":[{\"@type\":\"ListItem\",\"position\":1,\"name\":\"Accueil\",\"item\":\"https:\/\/laperlecafe.fr\/\"},{\"@type\":\"ListItem\",\"position\":2,\"name\":\"L\u2019avenir de La Perle, c\u2019est maintenant, toutes et tous ensemble&nbsp;!\"}]},{\"@type\":\"WebSite\",\"@id\":\"https:\/\/laperlecafe.fr\/#website\",\"url\":\"https:\/\/laperlecafe.fr\/\",\"name\":\"La Perle\",\"description\":\"collectif perlusien\",\"publisher\":{\"@id\":\"https:\/\/laperlecafe.fr\/#organization\"},\"potentialAction\":[{\"@type\":\"SearchAction\",\"target\":{\"@type\":\"EntryPoint\",\"urlTemplate\":\"https:\/\/laperlecafe.fr\/?s={search_term_string}\"},\"query-input\":{\"@type\":\"PropertyValueSpecification\",\"valueRequired\":true,\"valueName\":\"search_term_string\"}}],\"inLanguage\":\"fr-FR\"},{\"@type\":\"Organization\",\"@id\":\"https:\/\/laperlecafe.fr\/#organization\",\"name\":\"La Perle\",\"url\":\"https:\/\/laperlecafe.fr\/\",\"logo\":{\"@type\":\"ImageObject\",\"inLanguage\":\"fr-FR\",\"@id\":\"https:\/\/laperlecafe.fr\/#\/schema\/logo\/image\/\",\"url\":\"https:\/\/laperlecafe.fr\/wp-content\/uploads\/2023\/03\/cropped-Bandeau-site-rouge.jpg\",\"contentUrl\":\"https:\/\/laperlecafe.fr\/wp-content\/uploads\/2023\/03\/cropped-Bandeau-site-rouge.jpg\",\"width\":2076,\"height\":300,\"caption\":\"La Perle\"},\"image\":{\"@id\":\"https:\/\/laperlecafe.fr\/#\/schema\/logo\/image\/\"}},{\"@type\":\"Person\",\"@id\":\"https:\/\/laperlecafe.fr\/#\/schema\/person\/198710d55bd317dd833d3c31bb26e8db\",\"name\":\"admin1151\",\"image\":{\"@type\":\"ImageObject\",\"inLanguage\":\"fr-FR\",\"@id\":\"https:\/\/laperlecafe.fr\/#\/schema\/person\/image\/\",\"url\":\"https:\/\/secure.gravatar.com\/avatar\/3a8df24cbf20e2d64ed8d676a03661e247612800ee45d75dba7b9d5fea62c960?s=96&d=mm&r=g\",\"contentUrl\":\"https:\/\/secure.gravatar.com\/avatar\/3a8df24cbf20e2d64ed8d676a03661e247612800ee45d75dba7b9d5fea62c960?s=96&d=mm&r=g\",\"caption\":\"admin1151\"},\"url\":\"https:\/\/laperlecafe.fr\/index.php\/author\/admin1151\/\"}]}<\/script>\n<!-- \/ Yoast SEO plugin. -->","yoast_head_json":{"title":"L'avenir de La Perle, c'est maintenant, toutes et tous ensemble ! - La Perle","robots":{"index":"index","follow":"follow","max-snippet":"max-snippet:-1","max-image-preview":"max-image-preview:large","max-video-preview":"max-video-preview:-1"},"canonical":"https:\/\/laperlecafe.fr\/index.php\/2022\/07\/02\/lavenir-de-la-perle-cest-maintenant-tous-ensemble\/","og_locale":"fr_FR","og_type":"article","og_title":"L'avenir de La Perle, c'est maintenant, toutes et tous ensemble ! - La Perle","og_description":"Ami\u00b7es de la&nbsp;Perle, De longue date ou depuis peu, nous sommes ravi\u00b7es de vous annon\u00adcer que le pro\u00adjet de reprise de la Per\u00adle avance \u00e0 pas de g\u00e9ant aujourd\u2019hui. La [&hellip;]","og_url":"https:\/\/laperlecafe.fr\/index.php\/2022\/07\/02\/lavenir-de-la-perle-cest-maintenant-tous-ensemble\/","og_site_name":"La Perle","article_published_time":"2022-07-01T23:31:00+00:00","article_modified_time":"2022-10-11T22:58:17+00:00","og_image":[{"width":1536,"height":1024,"url":"https:\/\/laperlecafe.fr\/wp-content\/uploads\/2020\/05\/8251686391_d8bd1eec08_h.jpg","type":"image\/jpeg"}],"author":"admin1151","twitter_card":"summary_large_image","twitter_misc":{"\u00c9crit par":"admin1151","Dur\u00e9e de lecture estim\u00e9e":"3 minutes"},"schema":{"@context":"https:\/\/schema.org","@graph":[{"@type":"Article","@id":"https:\/\/laperlecafe.fr\/index.php\/2022\/07\/02\/lavenir-de-la-perle-cest-maintenant-tous-ensemble\/#article","isPartOf":{"@id":"https:\/\/laperlecafe.fr\/index.php\/2022\/07\/02\/lavenir-de-la-perle-cest-maintenant-tous-ensemble\/"},"author":{"name":"admin1151","@id":"https:\/\/laperlecafe.fr\/#\/schema\/person\/198710d55bd317dd833d3c31bb26e8db"},"headline":"L\u2019avenir de La Perle, c\u2019est maintenant, toutes et tous ensemble&nbsp;!","datePublished":"2022-07-01T23:31:00+00:00","dateModified":"2022-10-11T22:58:17+00:00","mainEntityOfPage":{"@id":"https:\/\/laperlecafe.fr\/index.php\/2022\/07\/02\/lavenir-de-la-perle-cest-maintenant-tous-ensemble\/"},"wordCount":474,"commentCount":0,"publisher":{"@id":"https:\/\/laperlecafe.fr\/#organization"},"image":{"@id":"https:\/\/laperlecafe.fr\/index.php\/2022\/07\/02\/lavenir-de-la-perle-cest-maintenant-tous-ensemble\/#primaryimage"},"thumbnailUrl":"https:\/\/laperlecafe.fr\/wp-content\/uploads\/2020\/05\/8251686391_d8bd1eec08_h.jpg","inLanguage":"fr-FR","potentialAction":[{"@type":"CommentAction","name":"Comment","target":["https:\/\/laperlecafe.fr\/index.php\/2022\/07\/02\/lavenir-de-la-perle-cest-maintenant-tous-ensemble\/#respond"]}]},{"@type":"WebPage","@id":"https:\/\/laperlecafe.fr\/index.php\/2022\/07\/02\/lavenir-de-la-perle-cest-maintenant-tous-ensemble\/","url":"https:\/\/laperlecafe.fr\/index.php\/2022\/07\/02\/lavenir-de-la-perle-cest-maintenant-tous-ensemble\/","name":"L'avenir de La Perle, c'est maintenant, toutes et tous ensemble ! - La Perle","isPartOf":{"@id":"https:\/\/laperlecafe.fr\/#website"},"primaryImageOfPage":{"@id":"https:\/\/laperlecafe.fr\/index.php\/2022\/07\/02\/lavenir-de-la-perle-cest-maintenant-tous-ensemble\/#primaryimage"},"image":{"@id":"https:\/\/laperlecafe.fr\/index.php\/2022\/07\/02\/lavenir-de-la-perle-cest-maintenant-tous-ensemble\/#primaryimage"},"thumbnailUrl":"https:\/\/laperlecafe.fr\/wp-content\/uploads\/2020\/05\/8251686391_d8bd1eec08_h.jpg","datePublished":"2022-07-01T23:31:00+00:00","dateModified":"2022-10-11T22:58:17+00:00","breadcrumb":{"@id":"https:\/\/laperlecafe.fr\/index.php\/2022\/07\/02\/lavenir-de-la-perle-cest-maintenant-tous-ensemble\/#breadcrumb"},"inLanguage":"fr-FR","potentialAction":[{"@type":"ReadAction","target":["https:\/\/laperlecafe.fr\/index.php\/2022\/07\/02\/lavenir-de-la-perle-cest-maintenant-tous-ensemble\/"]}]},{"@type":"ImageObject","inLanguage":"fr-FR","@id":"https:\/\/laperlecafe.fr\/index.php\/2022\/07\/02\/lavenir-de-la-perle-cest-maintenant-tous-ensemble\/#primaryimage","url":"https:\/\/laperlecafe.fr\/wp-content\/uploads\/2020\/05\/8251686391_d8bd1eec08_h.jpg","contentUrl":"https:\/\/laperlecafe.fr\/wp-content\/uploads\/2020\/05\/8251686391_d8bd1eec08_h.jpg","width":1536,"height":1024},{"@type":"BreadcrumbList","@id":"https:\/\/laperlecafe.fr\/index.php\/2022\/07\/02\/lavenir-de-la-perle-cest-maintenant-tous-ensemble\/#breadcrumb","itemListElement":[{"@type":"ListItem","position":1,"name":"Accueil","item":"https:\/\/laperlecafe.fr\/"},{"@type":"ListItem","position":2,"name":"L\u2019avenir de La Perle, c\u2019est maintenant, toutes et tous ensemble&nbsp;!"}]},{"@type":"WebSite","@id":"https:\/\/laperlecafe.fr\/#website","url":"https:\/\/laperlecafe.fr\/","name":"La Perle","description":"collectif perlusien","publisher":{"@id":"https:\/\/laperlecafe.fr\/#organization"},"potentialAction":[{"@type":"SearchAction","target":{"@type":"EntryPoint","urlTemplate":"https:\/\/laperlecafe.fr\/?s={search_term_string}"},"query-input":{"@type":"PropertyValueSpecification","valueRequired":true,"valueName":"search_term_string"}}],"inLanguage":"fr-FR"},{"@type":"Organization","@id":"https:\/\/laperlecafe.fr\/#organization","name":"La Perle","url":"https:\/\/laperlecafe.fr\/","logo":{"@type":"ImageObject","inLanguage":"fr-FR","@id":"https:\/\/laperlecafe.fr\/#\/schema\/logo\/image\/","url":"https:\/\/laperlecafe.fr\/wp-content\/uploads\/2023\/03\/cropped-Bandeau-site-rouge.jpg","contentUrl":"https:\/\/laperlecafe.fr\/wp-content\/uploads\/2023\/03\/cropped-Bandeau-site-rouge.jpg","width":2076,"height":300,"caption":"La Perle"},"image":{"@id":"https:\/\/laperlecafe.fr\/#\/schema\/logo\/image\/"}},{"@type":"Person","@id":"https:\/\/laperlecafe.fr\/#\/schema\/person\/198710d55bd317dd833d3c31bb26e8db","name":"admin1151","image":{"@type":"ImageObject","inLanguage":"fr-FR","@id":"https:\/\/laperlecafe.fr\/#\/schema\/person\/image\/","url":"https:\/\/secure.gravatar.com\/avatar\/3a8df24cbf20e2d64ed8d676a03661e247612800ee45d75dba7b9d5fea62c960?s=96&d=mm&r=g","contentUrl":"https:\/\/secure.gravatar.com\/avatar\/3a8df24cbf20e2d64ed8d676a03661e247612800ee45d75dba7b9d5fea62c960?s=96&d=mm&r=g","caption":"admin1151"},"url":"https:\/\/laperlecafe.fr\/index.php\/author\/admin1151\/"}]}},"_links":{"self":[{"href":"https:\/\/laperlecafe.fr\/index.php\/wp-json\/wp\/v2\/posts\/166","targetHints":{"allow":["GET"]}}],"collection":[{"href":"https:\/\/laperlecafe.fr\/index.php\/wp-json\/wp\/v2\/posts"}],"about":[{"href":"https:\/\/laperlecafe.fr\/index.php\/wp-json\/wp\/v2\/types\/post"}],"author":[{"embeddable":true,"href":"https:\/\/laperlecafe.fr\/index.php\/wp-json\/wp\/v2\/users\/1"}],"replies":[{"embeddable":true,"href":"https:\/\/laperlecafe.fr\/index.php\/wp-json\/wp\/v2\/comments?post=166"}],"version-history":[{"count":15,"href":"https:\/\/laperlecafe.fr\/index.php\/wp-json\/wp\/v2\/posts\/166\/revisions"}],"predecessor-version":[{"id":524,"href":"https:\/\/laperlecafe.fr\/index.php\/wp-json\/wp\/v2\/posts\/166\/revisions\/524"}],"wp:featuredmedia":[{"embeddable":true,"href":"https:\/\/laperlecafe.fr\/index.php\/wp-json\/wp\/v2\/media\/170"}],"wp:attachment":[{"href":"https:\/\/laperlecafe.fr\/index.php\/wp-json\/wp\/v2\/media?parent=166"}],"wp:term":[{"taxonomy":"category","embeddable":true,"href":"https:\/\/laperlecafe.fr\/index.php\/wp-json\/wp\/v2\/categories?post=166"},{"taxonomy":"post_tag","embeddable":true,"href":"https:\/\/laperlecafe.fr\/index.php\/wp-json\/wp\/v2\/tags?post=166"}],"curies":[{"name":"wp","href":"https:\/\/api.w.org\/{rel}","templated":true}]}}